{"id":30,"date":"2017-11-29T23:20:01","date_gmt":"2017-11-29T22:20:01","guid":{"rendered":"http:\/\/www.eco-life.fr\/?p=30"},"modified":"2017-11-30T17:01:02","modified_gmt":"2017-11-30T16:01:02","slug":"sunr-loue-des-places-au-soleil","status":"publish","type":"post","link":"https:\/\/www.eco-life.fr\/index.php\/2017\/11\/29\/sunr-loue-des-places-au-soleil\/","title":{"rendered":"Sun&rsquo;R loue des places au soleil"},"content":{"rendered":"<p>Cr\u00e9\u00e9 en 2007 lorsque le march\u00e9 de l&rsquo;\u00e9lectricit\u00e9 solaire a enfin \u00e9merg\u00e9 en France, Sun&rsquo;R loue des espaces pour y installer des centrales photovolta\u00efques. Sa strat\u00e9gie, cumuler r\u00e9novation du b\u00e2tit et production d&rsquo;\u00e9lectricit\u00e9.<\/p>\n<p>Sun&rsquo;R n&rsquo;aurait pas vu le jour sans l&rsquo;augmentation, en 2006, du prix de rachat de l&rsquo;\u00e9lectricit\u00e9 solaire par EDF, entre 30 et 55 centimes d&rsquo;euros le kilowatt selon le type d&rsquo;installation (panneaux pos\u00e9s ou int\u00e9gr\u00e9s \u00e0 la toiture), soit une augmentation respective de 50 et 100%. \u00ab\u00a0Avant cela, il n&rsquo;y avait pas de march\u00e9 pour le solaire en France, nous stagnions \u00e0 3 ou 4 m\u00e9gawatts par an\u00a0\u00bb, souligne Antoine Nogier, PDG de Sun&rsquo;R.<\/p>\n<p>L&rsquo;entreprise ne se positionne pas sur le secteur de la vente de panneaux solaires aux particuliers. Producteur d&rsquo;\u00e9lectricit\u00e9, Sun&rsquo;R n\u00e9gocie des surfaces d&rsquo;implantations aupr\u00e8s d&rsquo;entreprises ou de propri\u00e9taires de b\u00e2timents couvrant des surfaces importantes. \u00ab\u00a0Nous leur versons un loyer, r\u00e9novons les toitures sur lesquelles nous implantons la centrale et ils en retirent des b\u00e9n\u00e9fices en terme d&rsquo;image\u00a0\u00bb, souligne Antoine Nogier.<\/p>\n<p>L&rsquo;entreprise a d\u00e9velopp\u00e9 une expertise dans la construction de surfaces solaires isolantes qui peuvent faire office de toit. \u00ab\u00a0En r\u00e9mun\u00e9rant mieux l&rsquo;\u00e9lectricit\u00e9 issue de panneaux int\u00e9gr\u00e9s, la France a incit\u00e9 ses industriels \u00e0 innover et nous sommes le seul pays \u00e0 ma\u00eetriser l&rsquo;int\u00e9gration du solaire au b\u00e2tit\u00a0\u00bb. Un nouveau d\u00e9part pour l&rsquo;industrie photovolta\u00efque fran\u00e7aise. L&rsquo;offre propos\u00e9e par Sun&rsquo;R se d\u00e9cline en plusieurs options : construction de b\u00e2timents agricoles, auvents de parkings solaires qui prot\u00e8gent les v\u00e9hicules, r\u00e9novation des toitures existantes.<\/p>\n<p>-\u00ab\u00a0On peut atteindre 15 000 MW d&rsquo;ici 2020\u00a0\u00bb-<\/p>\n<p>Pour \u00eatre \u00e9ligible, il faut disposer d&rsquo;une surface de 1 000 m\u00e8tres carr\u00e9s au moins et se trouver au sud de la Loire afin de garantir un ensoleillement suffisant. Les tarifs de location varient en fonction de l&rsquo;investissement de Sun&rsquo;R pour installer la centrale. \u00ab\u00a0Cela d\u00e9pend de l&rsquo;ensoleillement et des travaux que nous devons faire. Sur les b\u00e2timents agricoles, nous proc\u00e9dons souvent au d\u00e9samiantage des toitures, ce qui entra\u00eene des frais assez lourds\u00a0\u00bb, explique Antoine Nogier.<\/p>\n<p>Dans le cadre du Grenelle de l&rsquo;environnement, l&rsquo;objectif est de multiplier par 400 la production d&rsquo;\u00e9lectricit\u00e9 solaire d&rsquo;ici 2020, de 13 MW en 2007 \u00e0 5 400 MW en 2020. Trop peu ambitieux, selon Antoine Nogier. \u00ab\u00a0L&rsquo;Allemagne est d\u00e9j\u00e0 \u00e0 1 300 MW en 2008, on peut atteindre 15 000 MW d&rsquo;ici 2020\u00a0\u00bb. Il pr\u00e9vient cependant contre un engouement qui pourrait conduire \u00e0 l&rsquo;insolation. \u00ab\u00a0Il peut y avoir une bulle sur le solaire, comme il y en a eu une sur Internet. Aujourd&rsquo;hui tout le monde s&rsquo;y met sans forc\u00e9ment avoir l&rsquo;expertise requise\u00a0\u00bb, souligne-t-il (lire aussi \u00ab\u00a0Gare aux arnaques vertes\u00a0\u00bb ). \u00ab\u00a0La demande est tr\u00e8s forte mais nous cherchons surtout \u00e0 consolider notre d\u00e9veloppement\u00a0\u00bb.<\/p>\n<p>Selon Guy Saillard, architecte naval et inventeur des tuiles solaires, \u00ab\u00a0le potentiel d&rsquo;installation du photovolta\u00efque sur les toits est consid\u00e9rable, notamment sur les hangars commerciaux\u00a0\u00bb (lire aussi \u00ab\u00a0Produire les \u00e9nergies par les tuiles\u00a0\u00bb ). Sun&rsquo;R, qui se positionne sur ce cr\u00e9neau, fait partie des nouvelles entreprises comp\u00e9titives sur ce secteur, parent pauvre des \u00e9nergies renouvelables \u00e0 la fran\u00e7aise.<\/p>\n<p>Par Anne de Malleray<\/p>\n","protected":false},"excerpt":{"rendered":"<p>Cr\u00e9\u00e9 en 2007 lorsque le march\u00e9 de l&rsquo;\u00e9lectricit\u00e9 solaire a enfin \u00e9merg\u00e9 en France, Sun&rsquo;R loue des espaces pour y installer des centrales photovolta\u00efques. Sa strat\u00e9gie, cumuler r\u00e9novation du b\u00e2tit et production d&rsquo;\u00e9lectricit\u00e9. Sun&rsquo;R n&rsquo;aurait pas vu le jour sans &hellip; <a href=\"https:\/\/www.eco-life.fr\/index.php\/2017\/11\/29\/sunr-loue-des-places-au-soleil\/\" class=\"excerpt-more-link\">Lire la suite&#8230; <span class=\"meta-nav\">&rarr;<\/span><\/a><\/p>\n","protected":false},"author":1,"featured_media":0,"comment_status":"open","ping_status":"open","sticky":false,"template":"","format":"standard","meta":[],"categories":[2],"tags":[],"yoast_head":"<!-- This site is optimized with the Yoast SEO plugin v16.2 - https:\/\/yoast.com\/wordpress\/plugins\/seo\/ -->\n<meta name=\"robots\" content=\"index, follow, max-snippet:-1, max-image-preview:large, max-video-preview:-1\" \/>\n<link rel=\"canonical\" href=\"https:\/\/www.eco-life.fr\/index.php\/2017\/11\/29\/sunr-loue-des-places-au-soleil\/\" \/>\n<meta property=\"og:locale\" content=\"fr_FR\" \/>\n<meta property=\"og:type\" content=\"article\" \/>\n<meta property=\"og:title\" content=\"Sun&#039;R loue des places au soleil - Eco-Life.fr\" \/>\n<meta property=\"og:description\" content=\"Cr\u00e9\u00e9 en 2007 lorsque le march\u00e9 de l&rsquo;\u00e9lectricit\u00e9 solaire a enfin \u00e9merg\u00e9 en France, Sun&rsquo;R loue des espaces pour y installer des centrales photovolta\u00efques. Sa strat\u00e9gie, cumuler r\u00e9novation du b\u00e2tit et production d&rsquo;\u00e9lectricit\u00e9. Sun&rsquo;R n&rsquo;aurait pas vu le jour sans &hellip; Lire la suite... &rarr;\" \/>\n<meta property=\"og:url\" content=\"https:\/\/www.eco-life.fr\/index.php\/2017\/11\/29\/sunr-loue-des-places-au-soleil\/\" \/>\n<meta property=\"og:site_name\" content=\"Eco-Life.fr\" \/>\n<meta property=\"article:published_time\" content=\"2017-11-29T22:20:01+00:00\" \/>\n<meta property=\"article:modified_time\" content=\"2017-11-30T16:01:02+00:00\" \/>\n<meta name=\"twitter:card\" content=\"summary_large_image\" \/>\n<meta name=\"twitter:label1\" content=\"Dur\u00e9e de lecture est.\">\n\t<meta name=\"twitter:data1\" content=\"3 minutes\">\n<script type=\"application\/ld+json\" class=\"yoast-schema-graph\">{\"@context\":\"https:\/\/schema.org\",\"@graph\":[{\"@type\":\"WebSite\",\"@id\":\"https:\/\/www.eco-life.fr\/#website\",\"url\":\"https:\/\/www.eco-life.fr\/\",\"name\":\"Eco-Life.fr\",\"description\":\"Le blog de la vie \\u00e9cologique\",\"potentialAction\":[{\"@type\":\"SearchAction\",\"target\":\"https:\/\/www.eco-life.fr\/?s={search_term_string}\",\"query-input\":\"required name=search_term_string\"}],\"inLanguage\":\"fr-FR\"},{\"@type\":\"WebPage\",\"@id\":\"https:\/\/www.eco-life.fr\/index.php\/2017\/11\/29\/sunr-loue-des-places-au-soleil\/#webpage\",\"url\":\"https:\/\/www.eco-life.fr\/index.php\/2017\/11\/29\/sunr-loue-des-places-au-soleil\/\",\"name\":\"Sun'R loue des places au soleil - Eco-Life.fr\",\"isPartOf\":{\"@id\":\"https:\/\/www.eco-life.fr\/#website\"},\"datePublished\":\"2017-11-29T22:20:01+00:00\",\"dateModified\":\"2017-11-30T16:01:02+00:00\",\"author\":{\"@id\":\"https:\/\/www.eco-life.fr\/#\/schema\/person\/ad5c6f3e5c9cef84d9ca995eb6efebe1\"},\"breadcrumb\":{\"@id\":\"https:\/\/www.eco-life.fr\/index.php\/2017\/11\/29\/sunr-loue-des-places-au-soleil\/#breadcrumb\"},\"inLanguage\":\"fr-FR\",\"potentialAction\":[{\"@type\":\"ReadAction\",\"target\":[\"https:\/\/www.eco-life.fr\/index.php\/2017\/11\/29\/sunr-loue-des-places-au-soleil\/\"]}]},{\"@type\":\"BreadcrumbList\",\"@id\":\"https:\/\/www.eco-life.fr\/index.php\/2017\/11\/29\/sunr-loue-des-places-au-soleil\/#breadcrumb\",\"itemListElement\":[{\"@type\":\"ListItem\",\"position\":1,\"item\":{\"@type\":\"WebPage\",\"@id\":\"https:\/\/www.eco-life.fr\/\",\"url\":\"https:\/\/www.eco-life.fr\/\",\"name\":\"Accueil\"}},{\"@type\":\"ListItem\",\"position\":2,\"item\":{\"@id\":\"https:\/\/www.eco-life.fr\/index.php\/2017\/11\/29\/sunr-loue-des-places-au-soleil\/#webpage\"}}]},{\"@type\":\"Person\",\"@id\":\"https:\/\/www.eco-life.fr\/#\/schema\/person\/ad5c6f3e5c9cef84d9ca995eb6efebe1\",\"name\":\"admin\",\"image\":{\"@type\":\"ImageObject\",\"@id\":\"https:\/\/www.eco-life.fr\/#personlogo\",\"inLanguage\":\"fr-FR\",\"url\":\"https:\/\/secure.gravatar.com\/avatar\/b9315477bd6c7cdbb40b563402e95f5b?s=96&d=mm&r=g\",\"contentUrl\":\"https:\/\/secure.gravatar.com\/avatar\/b9315477bd6c7cdbb40b563402e95f5b?s=96&d=mm&r=g\",\"caption\":\"admin\"}}]}<\/script>\n<!-- \/ Yoast SEO plugin. -->","_links":{"self":[{"href":"https:\/\/www.eco-life.fr\/index.php\/wp-json\/wp\/v2\/posts\/30"}],"collection":[{"href":"https:\/\/www.eco-life.fr\/index.php\/wp-json\/wp\/v2\/posts"}],"about":[{"href":"https:\/\/www.eco-life.fr\/index.php\/wp-json\/wp\/v2\/types\/post"}],"author":[{"embeddable":true,"href":"https:\/\/www.eco-life.fr\/index.php\/wp-json\/wp\/v2\/users\/1"}],"replies":[{"embeddable":true,"href":"https:\/\/www.eco-life.fr\/index.php\/wp-json\/wp\/v2\/comments?post=30"}],"version-history":[{"count":1,"href":"https:\/\/www.eco-life.fr\/index.php\/wp-json\/wp\/v2\/posts\/30\/revisions"}],"predecessor-version":[{"id":31,"href":"https:\/\/www.eco-life.fr\/index.php\/wp-json\/wp\/v2\/posts\/30\/revisions\/31"}],"wp:attachment":[{"href":"https:\/\/www.eco-life.fr\/index.php\/wp-json\/wp\/v2\/media?parent=30"}],"wp:term":[{"taxonomy":"category","embeddable":true,"href":"https:\/\/www.eco-life.fr\/index.php\/wp-json\/wp\/v2\/categories?post=30"},{"taxonomy":"post_tag","embeddable":true,"href":"https:\/\/www.eco-life.fr\/index.php\/wp-json\/wp\/v2\/tags?post=30"}],"curies":[{"name":"wp","href":"https:\/\/api.w.org\/{rel}","templated":true}]}}