{"id":61,"date":"2017-12-05T18:10:50","date_gmt":"2017-12-05T17:10:50","guid":{"rendered":"http:\/\/www.eco-life.fr\/?p=61"},"modified":"2017-12-05T18:10:50","modified_gmt":"2017-12-05T17:10:50","slug":"collectivite-recherche-eco-conseiller","status":"publish","type":"post","link":"https:\/\/www.eco-life.fr\/index.php\/2017\/12\/05\/collectivite-recherche-eco-conseiller\/","title":{"rendered":"Collectivit\u00e9 recherche \u00e9co-conseiller"},"content":{"rendered":"<p>Les postes de responsables du d\u00e9veloppement durable fleurissent dans les collectivit\u00e9s. Autrefois r\u00e9serv\u00e9s \u00e0 des scientifiques, ils s&rsquo;ouvrent aujourd&rsquo;hui \u00e0 des profils plus larges.<\/p>\n<p>Avec le transfert d&rsquo;un nombre croissant de comp\u00e9tences aux collectivit\u00e9s territoriales en France, c&rsquo;est aussi leur responsabilit\u00e9 en mati\u00e8re de d\u00e9veloppement durable qui augmente. Communes, d\u00e9partements et r\u00e9gions sont de plus en plus nombreux \u00e0 \u00e9tablir leur Agenda 21, document d\u00e9fini par le Sommet de la Terre de Rio, en 1992, comme \u00ab\u00a0un programme politique, impuls\u00e9 par le premier \u00e9lu et affichant la rupture avec des modes de d\u00e9veloppement non durables\u00a0\u00bb.<\/p>\n<p>Selon Jean-Pierre Faye, charg\u00e9 de mission coh\u00e9rences territoriales et d\u00e9veloppement durable au Centre national de la Fonction publique territoriale (Cnfpt), \u00ab\u00a0les collectivit\u00e9s ont une responsabilit\u00e9 particuli\u00e8re partout o\u00f9 elle peuvent influencer les comportements des citoyens, comme par exemple en mati\u00e8re de transport, de tri des d\u00e9chets, ou de pratiques culturelles et sportives\u00a0\u00bb.<\/p>\n<p>L&rsquo;am\u00e9nagement du territoire, la construction de logements et d&rsquo;infrastructures figurent \u00e9galement au premier rang des pr\u00e9occupations des Agendas 21. Au final, \u00ab\u00a0la quasi-totalit\u00e9 des 250 m\u00e9tiers de la fonction publique territoriale sont impact\u00e9s par la d\u00e9marche de d\u00e9veloppement durable\u00a0\u00bb, estime Jean-Pierre Faye.<\/p>\n<p>Le Cnfpt s&rsquo;efforce de former les fonctionnaires territoriaux au d\u00e9veloppement durable. \u00ab\u00a0Cet effort concerne en particulier les gestionnaires [directions du personnel, des achats] et les services de l&rsquo;urbanisme et de la construction. Toutefois, on ne peut pas dire que l&rsquo;ensemble des agents territoriaux ont suivi une formation, car il faut en g\u00e9n\u00e9ral \u00eatre volontaire\u00a0\u00bb, pr\u00e9cise M. Faye.<\/p>\n<p>&#8211; \u00ab\u00a0Nous formons des g\u00e9n\u00e9ralistes du d\u00e9veloppement durable\u00a0\u00bb &#8211;<\/p>\n<p>Si les m\u00e9tiers traditionnels de la fonction publique \u00e9voluent, on assiste \u00e9galement \u00e0 l&rsquo;apparition d&rsquo;un nouveau poste cl\u00e9 dans les collectivit\u00e9s, celui de \u00ab\u00a0charg\u00e9 de mission d\u00e9veloppement durable\u00a0\u00bb ou \u00ab\u00a0responsable d&rsquo;Agenda 21\u00a0\u00bb. Laurent Com\u00e9liau occupe cette fonction \u00e0 la Ville de Nantes, o\u00f9 il coordonne le plan d&rsquo;action en faveur du d\u00e9veloppement durable. \u00ab\u00a0Nous ne sommes pas une direction \u00e0 part enti\u00e8re, mais une petite cellule dont le r\u00f4le est d&rsquo;insuffler de nouvelles actions dans chaque service\u00a0\u00bb, explique-t-il.<\/p>\n<p>\u00ab\u00a0Nous avons commenc\u00e9 par refonder la politique d&rsquo;achats publics en int\u00e9grant aux appels d&rsquo;offres des crit\u00e8res environnementaux et sociaux. Avec les services de l&rsquo;urbanisme, nous travaillons sur le th\u00e8me de la ville durable et des \u00e9coquartiers. Nous abordons \u00e9galement des sujets moins trait\u00e9s, comme la diversit\u00e9 culturelle, la lutte contre les discriminations ou la cohabitation des g\u00e9n\u00e9rations dans la ville\u00a0\u00bb.<\/p>\n<p>Souvent rattach\u00e9 au plus haut niveau de hi\u00e9rarchie, le charg\u00e9 de mission Agenda 21 doit \u00eatre capable de dialoguer avec tous les services mais aussi avec les \u00e9lus. Il doit pour cela poss\u00e9der une bonne culture g\u00e9n\u00e9rale du d\u00e9veloppement durable, sans pour autant en ma\u00eetriser chaque aspect technique. \u00ab\u00a0Les profils pour ce poste sont tr\u00e8s divers\u00a0\u00bb, t\u00e9moigne Jean-Pierre Faye. \u00ab\u00a0Certains charg\u00e9s de mission sont g\u00e9ographes, d&rsquo;autres urbanistes, d&rsquo;autres encore \u00e9conomistes\u00a0\u00bb.<\/p>\n<p>Il existe encore peu de formations sp\u00e9cialis\u00e9es. A Strasbourg, l&rsquo;Institut national des sciences appliqu\u00e9es (Insa) dispense un Mast\u00e8re sp\u00e9cialis\u00e9 d&rsquo;\u00e9co-conseiller aupr\u00e8s des collectivit\u00e9s et des entreprises. \u00ab\u00a0Nous formons des g\u00e9n\u00e9ralistes de l&rsquo;environnement, capables d&rsquo;apporter une aide \u00e0 la d\u00e9cision des \u00e9lus et de les accompagner dans leur d\u00e9marche de d\u00e9veloppement durable\u00a0\u00bb, t\u00e9moigne Michelle Ernewein, directrice de la formation.<\/p>\n<p>Cette comp\u00e9tence est d&rsquo;autant plus strat\u00e9gique que les questions environnementales sont aujourd&rsquo;hui au coeur du d\u00e9bat politique, et peuvent largement influencer le choix des \u00e9lecteurs. Les charg\u00e9s de mission d\u00e9veloppement durable ont donc de belles perspectives devant eux. Le plus dur reste de r\u00e9ussir les concours de cat\u00e9gorie A de la fonction publique territoriale (attach\u00e9 ou ing\u00e9nieur), passages oblig\u00e9s pour acc\u00e9der \u00e0 cette fonction.<\/p>\n<p>Par Fran\u00e7ois Schott<\/p>\n","protected":false},"excerpt":{"rendered":"<p>Les postes de responsables du d\u00e9veloppement durable fleurissent dans les collectivit\u00e9s. Autrefois r\u00e9serv\u00e9s \u00e0 des scientifiques, ils s&rsquo;ouvrent aujourd&rsquo;hui \u00e0 des profils plus larges. Avec le transfert d&rsquo;un nombre croissant de comp\u00e9tences aux collectivit\u00e9s territoriales en France, c&rsquo;est aussi leur &hellip; <a href=\"https:\/\/www.eco-life.fr\/index.php\/2017\/12\/05\/collectivite-recherche-eco-conseiller\/\" class=\"excerpt-more-link\">Lire la suite&#8230; <span class=\"meta-nav\">&rarr;<\/span><\/a><\/p>\n","protected":false},"author":1,"featured_media":0,"comment_status":"closed","ping_status":"closed","sticky":false,"template":"","format":"standard","meta":[],"categories":[1],"tags":[],"yoast_head":"<!-- This site is optimized with the Yoast SEO plugin v16.2 - https:\/\/yoast.com\/wordpress\/plugins\/seo\/ -->\n<meta name=\"robots\" content=\"index, follow, max-snippet:-1, max-image-preview:large, max-video-preview:-1\" \/>\n<link rel=\"canonical\" href=\"https:\/\/www.eco-life.fr\/index.php\/2017\/12\/05\/collectivite-recherche-eco-conseiller\/\" \/>\n<meta property=\"og:locale\" content=\"fr_FR\" \/>\n<meta property=\"og:type\" content=\"article\" \/>\n<meta property=\"og:title\" content=\"Collectivit\u00e9 recherche \u00e9co-conseiller - Eco-Life.fr\" \/>\n<meta property=\"og:description\" content=\"Les postes de responsables du d\u00e9veloppement durable fleurissent dans les collectivit\u00e9s. Autrefois r\u00e9serv\u00e9s \u00e0 des scientifiques, ils s&rsquo;ouvrent aujourd&rsquo;hui \u00e0 des profils plus larges. Avec le transfert d&rsquo;un nombre croissant de comp\u00e9tences aux collectivit\u00e9s territoriales en France, c&rsquo;est aussi leur &hellip; Lire la suite... &rarr;\" \/>\n<meta property=\"og:url\" content=\"https:\/\/www.eco-life.fr\/index.php\/2017\/12\/05\/collectivite-recherche-eco-conseiller\/\" \/>\n<meta property=\"og:site_name\" content=\"Eco-Life.fr\" \/>\n<meta property=\"article:published_time\" content=\"2017-12-05T17:10:50+00:00\" \/>\n<meta name=\"twitter:card\" content=\"summary_large_image\" \/>\n<meta name=\"twitter:label1\" content=\"Dur\u00e9e de lecture est.\">\n\t<meta name=\"twitter:data1\" content=\"3 minutes\">\n<script type=\"application\/ld+json\" class=\"yoast-schema-graph\">{\"@context\":\"https:\/\/schema.org\",\"@graph\":[{\"@type\":\"WebSite\",\"@id\":\"https:\/\/www.eco-life.fr\/#website\",\"url\":\"https:\/\/www.eco-life.fr\/\",\"name\":\"Eco-Life.fr\",\"description\":\"Le blog de la vie \\u00e9cologique\",\"potentialAction\":[{\"@type\":\"SearchAction\",\"target\":\"https:\/\/www.eco-life.fr\/?s={search_term_string}\",\"query-input\":\"required name=search_term_string\"}],\"inLanguage\":\"fr-FR\"},{\"@type\":\"WebPage\",\"@id\":\"https:\/\/www.eco-life.fr\/index.php\/2017\/12\/05\/collectivite-recherche-eco-conseiller\/#webpage\",\"url\":\"https:\/\/www.eco-life.fr\/index.php\/2017\/12\/05\/collectivite-recherche-eco-conseiller\/\",\"name\":\"Collectivit\\u00e9 recherche \\u00e9co-conseiller - Eco-Life.fr\",\"isPartOf\":{\"@id\":\"https:\/\/www.eco-life.fr\/#website\"},\"datePublished\":\"2017-12-05T17:10:50+00:00\",\"dateModified\":\"2017-12-05T17:10:50+00:00\",\"author\":{\"@id\":\"https:\/\/www.eco-life.fr\/#\/schema\/person\/ad5c6f3e5c9cef84d9ca995eb6efebe1\"},\"breadcrumb\":{\"@id\":\"https:\/\/www.eco-life.fr\/index.php\/2017\/12\/05\/collectivite-recherche-eco-conseiller\/#breadcrumb\"},\"inLanguage\":\"fr-FR\",\"potentialAction\":[{\"@type\":\"ReadAction\",\"target\":[\"https:\/\/www.eco-life.fr\/index.php\/2017\/12\/05\/collectivite-recherche-eco-conseiller\/\"]}]},{\"@type\":\"BreadcrumbList\",\"@id\":\"https:\/\/www.eco-life.fr\/index.php\/2017\/12\/05\/collectivite-recherche-eco-conseiller\/#breadcrumb\",\"itemListElement\":[{\"@type\":\"ListItem\",\"position\":1,\"item\":{\"@type\":\"WebPage\",\"@id\":\"https:\/\/www.eco-life.fr\/\",\"url\":\"https:\/\/www.eco-life.fr\/\",\"name\":\"Accueil\"}},{\"@type\":\"ListItem\",\"position\":2,\"item\":{\"@id\":\"https:\/\/www.eco-life.fr\/index.php\/2017\/12\/05\/collectivite-recherche-eco-conseiller\/#webpage\"}}]},{\"@type\":\"Person\",\"@id\":\"https:\/\/www.eco-life.fr\/#\/schema\/person\/ad5c6f3e5c9cef84d9ca995eb6efebe1\",\"name\":\"admin\",\"image\":{\"@type\":\"ImageObject\",\"@id\":\"https:\/\/www.eco-life.fr\/#personlogo\",\"inLanguage\":\"fr-FR\",\"url\":\"https:\/\/secure.gravatar.com\/avatar\/b9315477bd6c7cdbb40b563402e95f5b?s=96&d=mm&r=g\",\"contentUrl\":\"https:\/\/secure.gravatar.com\/avatar\/b9315477bd6c7cdbb40b563402e95f5b?s=96&d=mm&r=g\",\"caption\":\"admin\"}}]}<\/script>\n<!-- \/ Yoast SEO plugin. -->","_links":{"self":[{"href":"https:\/\/www.eco-life.fr\/index.php\/wp-json\/wp\/v2\/posts\/61"}],"collection":[{"href":"https:\/\/www.eco-life.fr\/index.php\/wp-json\/wp\/v2\/posts"}],"about":[{"href":"https:\/\/www.eco-life.fr\/index.php\/wp-json\/wp\/v2\/types\/post"}],"author":[{"embeddable":true,"href":"https:\/\/www.eco-life.fr\/index.php\/wp-json\/wp\/v2\/users\/1"}],"replies":[{"embeddable":true,"href":"https:\/\/www.eco-life.fr\/index.php\/wp-json\/wp\/v2\/comments?post=61"}],"version-history":[{"count":1,"href":"https:\/\/www.eco-life.fr\/index.php\/wp-json\/wp\/v2\/posts\/61\/revisions"}],"predecessor-version":[{"id":62,"href":"https:\/\/www.eco-life.fr\/index.php\/wp-json\/wp\/v2\/posts\/61\/revisions\/62"}],"wp:attachment":[{"href":"https:\/\/www.eco-life.fr\/index.php\/wp-json\/wp\/v2\/media?parent=61"}],"wp:term":[{"taxonomy":"category","embeddable":true,"href":"https:\/\/www.eco-life.fr\/index.php\/wp-json\/wp\/v2\/categories?post=61"},{"taxonomy":"post_tag","embeddable":true,"href":"https:\/\/www.eco-life.fr\/index.php\/wp-json\/wp\/v2\/tags?post=61"}],"curies":[{"name":"wp","href":"https:\/\/api.w.org\/{rel}","templated":true}]}}